{"id":2857,"date":"2020-11-05T15:55:02","date_gmt":"2020-11-05T20:55:02","guid":{"rendered":"http:\/\/carfms.org\/?p=2857"},"modified":"2020-11-05T16:27:09","modified_gmt":"2020-11-05T21:27:09","slug":"open-call-to-host-a-carfms-annual-conference","status":"publish","type":"post","link":"https:\/\/carfms.org\/fr\/open-call-to-host-a-carfms-annual-conference\/","title":{"rendered":"Appel \u00c0 Manifestation D\u2019Internet"},"content":{"rendered":"<p><\/p>\n<h2 style=\"text-align: center;\" data-tadv-p=\"keep\">APPEL \u00c0 MANIFESTATION D\u2019INTERET<\/h2>\n<h2 style=\"text-align: center;\" data-tadv-p=\"keep\">POUR ORGANISER UNE FUTURE CONF\u00c9RENCE ANNUELLE&nbsp;DE L\u2019ACERMF<\/h2>\n<p><strong>Veuillez remplir le <a href=\"https:\/\/crs1.apps01.yorku.ca\/machform\/view.php?id=35793\">l&rsquo;application en ligne<\/a><\/strong><\/p>\n<hr>\n<p>Veuillez noter que les conf\u00e9rences L&rsquo;ACERMF ont lieu au Canada.<\/p>\n<p>Le bureau ex\u00e9cutif de l\u2019ACERMF invite tous ceux qui peuvent \u00eatre int\u00e9ress\u00e9s \u00e0 accueillir une conf\u00e9rence de l\u2019ACERMF annuelle \u00e0 envoyer une application d\u00e9crivant ce qui suit :<\/p>\n<ul>\n<li>En quelle ann\u00e9e vous seriez ouvert \u00e0 le faire.<\/li>\n<\/ul>\n<p>Les conf\u00e9rences annuelles ACERMF ont lieu habituellement du d\u00e9but \u00e0 la mi-mai.<\/p>\n<ul>\n<li>Votre affiliation universitaire et une indication que votre unit\u00e9 sp\u00e9cifique et l\u2019administration centrale seraient ouvertes \u00e0 accueillir une conf\u00e9rence annuelle de l\u2019ACERMF dans l\u2019ann\u00e9e sp\u00e9cifi\u00e9e.<\/li>\n<\/ul>\n<p>L\u2019ACERMF est en mesure d\u2019apporter un soutien organisationnel et administratif pour ses conf\u00e9rences annuelles, mais repose sur la conf\u00e9rence annuelle locale des comit\u00e9s d&rsquo;organisation pour recueillir des fonds suffisants par le biais de diverses sources telles que les connexions de subventions du CRSH; donateurs et commanditaires externes; etc.<\/p>\n<ul>\n<li>Une exp\u00e9rience dans l&rsquo;organisation de conf\u00e9rences universitaires et \/ ou symposiums et \/ ou des ateliers ou d&rsquo;autres \u00e9v\u00e9nements majeurs.<\/li>\n<\/ul>\n<p>Les conf\u00e9rences annuelles de l\u2019ACERMF attirent de plus en plus de participants chaque ann\u00e9e et ont g\u00e9n\u00e9ralement plus de 200 participants inscrits. Compte tenu de la nature du terrain, les conf\u00e9rences annuelles de l\u2019ACERMF attirent un grand et croissant contingent de chercheurs internationaux, chercheurs, praticiens et \u00e9tudiants. Les conf\u00e9rences annuelles de l\u2019ACERMF comprennent \u00e9galement des conf\u00e9rences publiques ouvertes et tables rondes sp\u00e9ciales qui peuvent attirer un public diversifi\u00e9 de la communaut\u00e9 locale, en plus des participants \u00e0 la conf\u00e9rence. Une logistique importante, la planification des programmes, et les activit\u00e9s m\u00e9diatiques connexes, entre autres, sont n\u00e9cessaires pour accueillir une conf\u00e9rence de cette taille et de cette nature.<\/p>\n<ul>\n<li>Toute autre information pertinente qui serait d&rsquo;int\u00e9r\u00eat pour le bureau ex\u00e9cutif de l\u2019ACERMF pour \u00e9valuer la faisabilit\u00e9 de votre expression d&rsquo;int\u00e9r\u00eat pour accueillir une conf\u00e9rence annuelle ACERMF.<\/li>\n<\/ul>\n<p>Y a-t-il des aspects historiques, culturels ou autres points d&rsquo;int\u00e9r\u00eat pertinents, par exemple, qui peuvent \u00eatre incorpor\u00e9s dans le programme de la conf\u00e9rence annuelle?<\/p>\n<p>De nombreux participants \u00e0 la conf\u00e9rence annuelle de l\u2019ACERMF cherchent \u00e0 passer un peu de temps suppl\u00e9mentaire dans la ville et\/ou province o\u00f9 se tient la conf\u00e9rence et seraient int\u00e9ress\u00e9s de voir les attractions locales, les sites naturels ou historiques, mus\u00e9es, galeries, th\u00e9\u00e2tre, etc. Merci de d\u00e9crire certaines de ces possibilit\u00e9s.<\/p>\n<p>Toutes les expressions d\u2019int\u00e9r\u00eat et \/ ou des questions connexes doivent \u00eatre adress\u00e9es \u00e0 &nbsp;Michele Millard, Secretariat de l\u2019ACERMF, <a href=\"mailto:mmillard@yorku.ca\">mmillard@yorku.ca<\/a>.<\/p>\n<p><\/p>","protected":false},"excerpt":{"rendered":"<p>APPEL \u00c0 MANIFESTATION D\u2019INTERET POUR ORGANISER UNE FUTURE CONF\u00c9RENCE ANNUELLE&nbsp;DE L\u2019ACERMF Veuillez remplir le l&rsquo;application en ligne Veuillez noter que les conf\u00e9rences L&rsquo;ACERMF ont lieu au Canada. Le bureau ex\u00e9cutif de l\u2019ACERMF invite tous ceux qui peuvent \u00eatre int\u00e9ress\u00e9s \u00e0 accueillir une conf\u00e9rence de l\u2019ACERMF annuelle \u00e0 envoyer une application d\u00e9crivant ce qui suit : En quelle ann\u00e9e vous seriez ouvert \u00e0 le faire. Les conf\u00e9rences annuelles ACERMF ont lieu habituellement du d\u00e9but \u00e0 la&#8230;<\/p>\n","protected":false},"author":3,"featured_media":2860,"comment_status":"closed","ping_status":"open","sticky":false,"template":"","format":"standard","meta":{"ngg_post_thumbnail":0,"footnotes":""},"categories":[54,53,4],"tags":[],"class_list":["post-2857","post","type-post","status-publish","format-standard","has-post-thumbnail","hentry","category-calls","category-conferences","category-updates"],"_links":{"self":[{"href":"https:\/\/carfms.org\/fr\/wp-json\/wp\/v2\/posts\/2857","targetHints":{"allow":["GET"]}}],"collection":[{"href":"https:\/\/carfms.org\/fr\/wp-json\/wp\/v2\/posts"}],"about":[{"href":"https:\/\/carfms.org\/fr\/wp-json\/wp\/v2\/types\/post"}],"author":[{"embeddable":true,"href":"https:\/\/carfms.org\/fr\/wp-json\/wp\/v2\/users\/3"}],"replies":[{"embeddable":true,"href":"https:\/\/carfms.org\/fr\/wp-json\/wp\/v2\/comments?post=2857"}],"version-history":[{"count":0,"href":"https:\/\/carfms.org\/fr\/wp-json\/wp\/v2\/posts\/2857\/revisions"}],"wp:featuredmedia":[{"embeddable":true,"href":"https:\/\/carfms.org\/fr\/wp-json\/wp\/v2\/media\/2860"}],"wp:attachment":[{"href":"https:\/\/carfms.org\/fr\/wp-json\/wp\/v2\/media?parent=2857"}],"wp:term":[{"taxonomy":"category","embeddable":true,"href":"https:\/\/carfms.org\/fr\/wp-json\/wp\/v2\/categories?post=2857"},{"taxonomy":"post_tag","embeddable":true,"href":"https:\/\/carfms.org\/fr\/wp-json\/wp\/v2\/tags?post=2857"}],"curies":[{"name":"wp","href":"https:\/\/api.w.org\/{rel}","templated":true}]}}