{"id":40930,"date":"2023-05-31T13:20:09","date_gmt":"2023-05-31T17:20:09","guid":{"rendered":"https:\/\/carfms.org\/?p=40930"},"modified":"2024-04-02T13:26:12","modified_gmt":"2024-04-02T17:26:12","slug":"the-opportunities-and-challenges-of-naming-in-canadas-private-sponsorship-of-refugees-program","status":"publish","type":"post","link":"https:\/\/carfms.org\/fr\/the-opportunities-and-challenges-of-naming-in-canadas-private-sponsorship-of-refugees-program\/","title":{"rendered":"The opportunities and challenges of \u201cnaming\u201d in Canada\u2019s Private Sponsorship of Refugees Program"},"content":{"rendered":"\n<p><iframe loading=\"lazy\" title=\"YouTube video player\" src=\"https:\/\/www.youtube.com\/embed\/E_zBhciejJw?si=WTX4IY8CsVCPifjp\" width=\"560\" height=\"315\" frameborder=\"0\" allowfullscreen=\"allowfullscreen\"><\/iframe><\/p>\n\n\n\n<p>While globally States and Internal NGOs take the lead in selection for resettlement of refugees, Canada\u2019s Private Sponsorship of Refugees (PSR) Program allows sponsors to \u201cname\u201d people to be consider for resettlement to Canada. This opportunity also presents challenges for groups involved in refugee sponsorship. Our three panelists discussed from their experience these issues based on their research and experience:.<\/p>\n<p>With: Brian Dyck, Mennonite Central Committee Canada<\/p>\n<p>Ian Van Haren, Executive Director at Action R\u00e9fugi\u00e9s Montr\u00e9al and PhD Candidate at McGill University<\/p>\n<p>Biftu Yousuf, PhD Candidate, Geography at York University<\/p>\n","protected":false},"excerpt":{"rendered":"<p>While globally States and Internal NGOs take the lead in selection for resettlement of refugees, Canada\u2019s Private Sponsorship of Refugees (PSR) Program allows sponsors to \u201cname\u201d people to be consider for resettlement to Canada. This opportunity also presents challenges for groups involved in refugee sponsorship. Our three panelists discussed from their experience these issues based on their research and experience:. With: Brian Dyck, Mennonite Central Committee Canada Ian Van Haren, Executive Director at Action R\u00e9fugi\u00e9s&#8230;<\/p>\n","protected":false},"author":3,"featured_media":40923,"comment_status":"closed","ping_status":"open","sticky":false,"template":"","format":"standard","meta":{"ngg_post_thumbnail":0,"footnotes":""},"categories":[3,9,56],"tags":[],"class_list":["post-40930","post","type-post","status-publish","format-standard","has-post-thumbnail","hentry","category-carfms-news","category-events","category-videos"],"_links":{"self":[{"href":"https:\/\/carfms.org\/fr\/wp-json\/wp\/v2\/posts\/40930","targetHints":{"allow":["GET"]}}],"collection":[{"href":"https:\/\/carfms.org\/fr\/wp-json\/wp\/v2\/posts"}],"about":[{"href":"https:\/\/carfms.org\/fr\/wp-json\/wp\/v2\/types\/post"}],"author":[{"embeddable":true,"href":"https:\/\/carfms.org\/fr\/wp-json\/wp\/v2\/users\/3"}],"replies":[{"embeddable":true,"href":"https:\/\/carfms.org\/fr\/wp-json\/wp\/v2\/comments?post=40930"}],"version-history":[{"count":0,"href":"https:\/\/carfms.org\/fr\/wp-json\/wp\/v2\/posts\/40930\/revisions"}],"wp:featuredmedia":[{"embeddable":true,"href":"https:\/\/carfms.org\/fr\/wp-json\/wp\/v2\/media\/40923"}],"wp:attachment":[{"href":"https:\/\/carfms.org\/fr\/wp-json\/wp\/v2\/media?parent=40930"}],"wp:term":[{"taxonomy":"category","embeddable":true,"href":"https:\/\/carfms.org\/fr\/wp-json\/wp\/v2\/categories?post=40930"},{"taxonomy":"post_tag","embeddable":true,"href":"https:\/\/carfms.org\/fr\/wp-json\/wp\/v2\/tags?post=40930"}],"curies":[{"name":"wp","href":"https:\/\/api.w.org\/{rel}","templated":true}]}}